{"id":67,"date":"2015-12-24T10:36:35","date_gmt":"2015-12-24T10:36:35","guid":{"rendered":"http:\/\/rebus.ba\/?p=67"},"modified":"2015-12-24T10:36:35","modified_gmt":"2015-12-24T10:36:35","slug":"medunarodna-konferencija-za-investicije-i-ekonomski-razvoj-u-bosni-i-hercegovini-i-regiji","status":"publish","type":"post","link":"https:\/\/www.rebus.ba\/en\/medunarodna-konferencija-za-investicije-i-ekonomski-razvoj-u-bosni-i-hercegovini-i-regiji\/","title":{"rendered":"Me\u0111unarodna konferencija za investicije i ekonomski razvoj u Bosni i Hercegovini i regiji"},"content":{"rendered":"<p>U organizaciji Saveza nevladinih organizacija, Savez za podr\u0161ku ekonomsko-socijalnog razvoja \u201eHorizont 2024&#8221; odr\u017eao je u Sarajevu 7. i 8. decembra konferenciju pod nazivom \u201eMe\u0111unarodna konferencija za investicije i ekonomski razvoj u Bosni i Hercegovini i regiji&#8221;.<\/p>\n<p>Na konferenciji je u\u010destvovalo oko 30 predava\u010da, moderatora i panelista, kao i vi\u0161e od 300 u\u010desnika iz Bosne i Hercegovine, regije i drugih dr\u017eava.<\/p>\n<p>Kerim Kapetanovi\u0107, direktor firme \u201eREBUS\u201c d.o.o. Sarajevo je na temu &#8220;Prepreke investiranju (IT sektor) u BiH i prijedloga rje\u0161enja istih&#8221;, iznio je da je Bosna i Hercegovina zemlja sa ka\u0161njenjem u IT razvoju iako posjeduje veliki kapacitet i prilike za investiranje u ovaj sektor. IT je grana u kojoj radi veliki broj mladih stru\u010dnjaka i obrazovanih ljudi.<\/p>\n<p>IT je sektor koji donosi vi\u0161e od 5% evropskog GDP-a, a sa 50% doprinosi ukupnom rastu produktivnosti u Evropi.<\/p>\n<p>Danas kada se govori o efikasnosti preduze\u0107a i dr\u017eavnih ustanova, napredna informaciona rje\u0161enja su nezaobilazna u unaprije\u0111enju brzine i kvaliteta rada.<\/p>\n<p>Nepostojanje institucije koja se bavi strategijom IT-a, te rigidna i neprilago\u0111ena zakonska regulativa \u0161to se ti\u010de IT \u2013 poslovanja \u2013 poput online poslovanja, razvoja softvera, po\u0161tivanja autorskih prava i intelektualnog vlasni\u0161tva je zna\u010dajna prepreka u razvoju ovog sektora. Pored toga tu je i izostanak organizovanog pomaganja malim i srednjim preduze\u0107ima kao okosnici IT-a.<\/p>\n<p>Prijedlozi najefikasnijih rje\u0161enja se sastoje u formiranju institucije nadle\u017ene za IT, rad na realizaciji projekta e-vlada, kori\u0161tenje outsorcing-a, pove\u0107anja zapo\u0161ljavanja IT stru\u010dnjaka u realnom sektoru te postizanje ve\u0107e konkurentnosti na doma\u0107em i svjetskom tr\u017ei\u0161tu, kao i investiranje u obrazovanje mladih informati\u010dkih kadrova.<\/p>\n<p>Na ovoj konferenciji su u\u010destvovali: direktor Agencije za rad i zapo\u0161ljavanje BiH, predstavnik Vanjskotrgovinske komore BiH, predstavnik Agencije za unaprije\u0111enje stranih investicija BiH, direktor Agencije za nadzor osiguranja BiH, zamjenik direktora Agencije za statistiku BiH, pomo\u0107nik direktora Direkcije za ekonomsko planiranje BiH, direktor Agencije za dr\u017eavnu slu\u017ebu BiH, predstavnik Vije\u0107a za regionalnu saradnju, direktor Zavoda za statistiku Srbije, predstavnik Vije\u0107a stranih investitora u BiH, zamjenik direktora Agencije za razvoj visokog obrazovanja i osiguranje kvaliteta, predstavnik Evropskog pokreta iz Srbije, predstavnik Asocijacije NVO Jugoisto\u010dne Evrope CIVIS, predstavnici Seed forum-a, predstavnici Parlamentarne vlasti i izvr\u0161ne vlasti BiH, preduze\u0107a iz raznih sektora (industrija, turizam, informatika i dr.), nevladin sektor, kao i predstavnici nekoliko ambasada u BiH.<\/p>\n<p>Vi\u0161e o konferenciji mo\u017eete prona\u0107i na <a href=\"http:\/\/horizon2024.org\/konferencija2015\/index.html\">http:\/\/horizon2024.org\/konferencija2015\/index.html<\/a><\/p>","protected":false},"excerpt":{"rendered":"<p>U organizaciji Saveza nevladinih organizacija, Savez za podr\u0161ku ekonomsko-socijalnog razvoja \u201eHorizont 2024&#8221; odr\u017eao je u Sarajevu 7. i 8. decembra konferenciju pod nazivom \u201eMe\u0111unarodna konferencija za investicije i ekonomski razvoj u Bosni i Hercegovini i regiji&#8221;. Na konferenciji je u\u010destvovalo oko 30 predava\u010da, moderatora i panelista, kao i vi\u0161e od 300 u\u010desnika iz Bosne i [&hellip;]<\/p>","protected":false},"author":1,"featured_media":62,"comment_status":"closed","ping_status":"closed","sticky":false,"template":"","format":"standard","meta":{"_jetpack_memberships_contains_paid_content":false,"footnotes":""},"categories":[15],"tags":[19,21,23],"class_list":["post-67","post","type-post","status-publish","format-standard","has-post-thumbnail","hentry","category-novosti","tag-horizont-2024","tag-konferencija","tag-rebus"],"featured_image_src":{"landsacpe":["https:\/\/www.rebus.ba\/wp-content\/uploads\/2015\/12\/Konferencija-2-1140x445.jpg",1140,445,true],"list":["https:\/\/www.rebus.ba\/wp-content\/uploads\/2015\/12\/Konferencija-2-463x348.jpg",463,348,true],"medium":["https:\/\/www.rebus.ba\/wp-content\/uploads\/2015\/12\/Konferencija-2-300x200.jpg",300,200,true],"full":["https:\/\/www.rebus.ba\/wp-content\/uploads\/2015\/12\/Konferencija-2.jpg",1152,768,false]},"yoast_head":"<!-- This site is optimized with the Yoast SEO plugin v24.9 - https:\/\/yoast.com\/wordpress\/plugins\/seo\/ -->\n<title>Me\u0111unarodna konferencija za investicije i ekonomski razvoj u Bosni i Hercegovini i regiji - Rebus d.o.o.<\/title>\n<meta name=\"robots\" content=\"index, follow, max-snippet:-1, max-image-preview:large, max-video-preview:-1\" \/>\n<link rel=\"canonical\" href=\"https:\/\/www.rebus.ba\/en\/medunarodna-konferencija-za-investicije-i-ekonomski-razvoj-u-bosni-i-hercegovini-i-regiji\/\" \/>\n<meta property=\"og:locale\" content=\"en_GB\" \/>\n<meta property=\"og:type\" content=\"article\" \/>\n<meta property=\"og:title\" content=\"Me\u0111unarodna konferencija za investicije i ekonomski razvoj u Bosni i Hercegovini i regiji - Rebus d.o.o.\" \/>\n<meta property=\"og:description\" content=\"U organizaciji Saveza nevladinih organizacija, Savez za podr\u0161ku ekonomsko-socijalnog razvoja \u201eHorizont 2024&#8221; odr\u017eao je u Sarajevu 7. i 8. decembra konferenciju pod nazivom \u201eMe\u0111unarodna konferencija za investicije i ekonomski razvoj u Bosni i Hercegovini i regiji&#8221;. Na konferenciji je u\u010destvovalo oko 30 predava\u010da, moderatora i panelista, kao i vi\u0161e od 300 u\u010desnika iz Bosne i [&hellip;]\" \/>\n<meta property=\"og:url\" content=\"https:\/\/www.rebus.ba\/en\/medunarodna-konferencija-za-investicije-i-ekonomski-razvoj-u-bosni-i-hercegovini-i-regiji\/\" \/>\n<meta property=\"og:site_name\" content=\"Rebus d.o.o.\" \/>\n<meta property=\"article:published_time\" content=\"2015-12-24T10:36:35+00:00\" \/>\n<meta property=\"og:image\" content=\"https:\/\/www.rebus.ba\/wp-content\/uploads\/2015\/12\/Konferencija-2.jpg\" \/>\n\t<meta property=\"og:image:width\" content=\"1152\" \/>\n\t<meta property=\"og:image:height\" content=\"768\" \/>\n\t<meta property=\"og:image:type\" content=\"image\/jpeg\" \/>\n<meta name=\"author\" content=\"admin\" \/>\n<meta name=\"twitter:card\" content=\"summary_large_image\" \/>\n<meta name=\"twitter:label1\" content=\"Written by\" \/>\n\t<meta name=\"twitter:data1\" content=\"admin\" \/>\n\t<meta name=\"twitter:label2\" content=\"Estimated reading time\" \/>\n\t<meta name=\"twitter:data2\" content=\"2 minutes\" \/>\n<script type=\"application\/ld+json\" class=\"yoast-schema-graph\">{\"@context\":\"https:\/\/schema.org\",\"@graph\":[{\"@type\":\"WebPage\",\"@id\":\"https:\/\/www.rebus.ba\/medunarodna-konferencija-za-investicije-i-ekonomski-razvoj-u-bosni-i-hercegovini-i-regiji\/\",\"url\":\"https:\/\/www.rebus.ba\/medunarodna-konferencija-za-investicije-i-ekonomski-razvoj-u-bosni-i-hercegovini-i-regiji\/\",\"name\":\"Me\u0111unarodna konferencija za investicije i ekonomski razvoj u Bosni i Hercegovini i regiji - Rebus d.o.o.\",\"isPartOf\":{\"@id\":\"https:\/\/www.rebus.ba\/#website\"},\"primaryImageOfPage\":{\"@id\":\"https:\/\/www.rebus.ba\/medunarodna-konferencija-za-investicije-i-ekonomski-razvoj-u-bosni-i-hercegovini-i-regiji\/#primaryimage\"},\"image\":{\"@id\":\"https:\/\/www.rebus.ba\/medunarodna-konferencija-za-investicije-i-ekonomski-razvoj-u-bosni-i-hercegovini-i-regiji\/#primaryimage\"},\"thumbnailUrl\":\"https:\/\/www.rebus.ba\/wp-content\/uploads\/2015\/12\/Konferencija-2.jpg\",\"datePublished\":\"2015-12-24T10:36:35+00:00\",\"author\":{\"@id\":\"https:\/\/www.rebus.ba\/#\/schema\/person\/7804d343b9d38d4634c913526dee5cf0\"},\"breadcrumb\":{\"@id\":\"https:\/\/www.rebus.ba\/medunarodna-konferencija-za-investicije-i-ekonomski-razvoj-u-bosni-i-hercegovini-i-regiji\/#breadcrumb\"},\"inLanguage\":\"en-GB\",\"potentialAction\":[{\"@type\":\"ReadAction\",\"target\":[\"https:\/\/www.rebus.ba\/medunarodna-konferencija-za-investicije-i-ekonomski-razvoj-u-bosni-i-hercegovini-i-regiji\/\"]}]},{\"@type\":\"ImageObject\",\"inLanguage\":\"en-GB\",\"@id\":\"https:\/\/www.rebus.ba\/medunarodna-konferencija-za-investicije-i-ekonomski-razvoj-u-bosni-i-hercegovini-i-regiji\/#primaryimage\",\"url\":\"https:\/\/www.rebus.ba\/wp-content\/uploads\/2015\/12\/Konferencija-2.jpg\",\"contentUrl\":\"https:\/\/www.rebus.ba\/wp-content\/uploads\/2015\/12\/Konferencija-2.jpg\",\"width\":1152,\"height\":768},{\"@type\":\"BreadcrumbList\",\"@id\":\"https:\/\/www.rebus.ba\/medunarodna-konferencija-za-investicije-i-ekonomski-razvoj-u-bosni-i-hercegovini-i-regiji\/#breadcrumb\",\"itemListElement\":[{\"@type\":\"ListItem\",\"position\":1,\"name\":\"Home\",\"item\":\"https:\/\/www.rebus.ba\/\"},{\"@type\":\"ListItem\",\"position\":2,\"name\":\"Me\u0111unarodna konferencija za investicije i ekonomski razvoj u Bosni i Hercegovini i regiji\"}]},{\"@type\":\"WebSite\",\"@id\":\"https:\/\/www.rebus.ba\/#website\",\"url\":\"https:\/\/www.rebus.ba\/\",\"name\":\"Rebus d.o.o.\",\"description\":\"\",\"potentialAction\":[{\"@type\":\"SearchAction\",\"target\":{\"@type\":\"EntryPoint\",\"urlTemplate\":\"https:\/\/www.rebus.ba\/?s={search_term_string}\"},\"query-input\":{\"@type\":\"PropertyValueSpecification\",\"valueRequired\":true,\"valueName\":\"search_term_string\"}}],\"inLanguage\":\"en-GB\"},{\"@type\":\"Person\",\"@id\":\"https:\/\/www.rebus.ba\/#\/schema\/person\/7804d343b9d38d4634c913526dee5cf0\",\"name\":\"admin\",\"image\":{\"@type\":\"ImageObject\",\"inLanguage\":\"en-GB\",\"@id\":\"https:\/\/www.rebus.ba\/#\/schema\/person\/image\/\",\"url\":\"https:\/\/secure.gravatar.com\/avatar\/e42c641934fbb65c170e9580c479e24e7fc36a921a07b8129b9096b865d4064a?s=96&d=mm&r=g\",\"contentUrl\":\"https:\/\/secure.gravatar.com\/avatar\/e42c641934fbb65c170e9580c479e24e7fc36a921a07b8129b9096b865d4064a?s=96&d=mm&r=g\",\"caption\":\"admin\"},\"sameAs\":[\"https:\/\/sejkan.com\/rebus\"],\"url\":\"https:\/\/www.rebus.ba\/en\/author\/info_9qd89dfv\/\"}]}<\/script>\n<!-- \/ Yoast SEO plugin. -->","yoast_head_json":{"title":"Me\u0111unarodna konferencija za investicije i ekonomski razvoj u Bosni i Hercegovini i regiji - Rebus d.o.o.","robots":{"index":"index","follow":"follow","max-snippet":"max-snippet:-1","max-image-preview":"max-image-preview:large","max-video-preview":"max-video-preview:-1"},"canonical":"https:\/\/www.rebus.ba\/en\/medunarodna-konferencija-za-investicije-i-ekonomski-razvoj-u-bosni-i-hercegovini-i-regiji\/","og_locale":"en_GB","og_type":"article","og_title":"Me\u0111unarodna konferencija za investicije i ekonomski razvoj u Bosni i Hercegovini i regiji - Rebus d.o.o.","og_description":"U organizaciji Saveza nevladinih organizacija, Savez za podr\u0161ku ekonomsko-socijalnog razvoja \u201eHorizont 2024&#8221; odr\u017eao je u Sarajevu 7. i 8. decembra konferenciju pod nazivom \u201eMe\u0111unarodna konferencija za investicije i ekonomski razvoj u Bosni i Hercegovini i regiji&#8221;. Na konferenciji je u\u010destvovalo oko 30 predava\u010da, moderatora i panelista, kao i vi\u0161e od 300 u\u010desnika iz Bosne i [&hellip;]","og_url":"https:\/\/www.rebus.ba\/en\/medunarodna-konferencija-za-investicije-i-ekonomski-razvoj-u-bosni-i-hercegovini-i-regiji\/","og_site_name":"Rebus d.o.o.","article_published_time":"2015-12-24T10:36:35+00:00","og_image":[{"width":1152,"height":768,"url":"https:\/\/www.rebus.ba\/wp-content\/uploads\/2015\/12\/Konferencija-2.jpg","type":"image\/jpeg"}],"author":"admin","twitter_card":"summary_large_image","twitter_misc":{"Written by":"admin","Estimated reading time":"2 minutes"},"schema":{"@context":"https:\/\/schema.org","@graph":[{"@type":"WebPage","@id":"https:\/\/www.rebus.ba\/medunarodna-konferencija-za-investicije-i-ekonomski-razvoj-u-bosni-i-hercegovini-i-regiji\/","url":"https:\/\/www.rebus.ba\/medunarodna-konferencija-za-investicije-i-ekonomski-razvoj-u-bosni-i-hercegovini-i-regiji\/","name":"Me\u0111unarodna konferencija za investicije i ekonomski razvoj u Bosni i Hercegovini i regiji - Rebus d.o.o.","isPartOf":{"@id":"https:\/\/www.rebus.ba\/#website"},"primaryImageOfPage":{"@id":"https:\/\/www.rebus.ba\/medunarodna-konferencija-za-investicije-i-ekonomski-razvoj-u-bosni-i-hercegovini-i-regiji\/#primaryimage"},"image":{"@id":"https:\/\/www.rebus.ba\/medunarodna-konferencija-za-investicije-i-ekonomski-razvoj-u-bosni-i-hercegovini-i-regiji\/#primaryimage"},"thumbnailUrl":"https:\/\/www.rebus.ba\/wp-content\/uploads\/2015\/12\/Konferencija-2.jpg","datePublished":"2015-12-24T10:36:35+00:00","author":{"@id":"https:\/\/www.rebus.ba\/#\/schema\/person\/7804d343b9d38d4634c913526dee5cf0"},"breadcrumb":{"@id":"https:\/\/www.rebus.ba\/medunarodna-konferencija-za-investicije-i-ekonomski-razvoj-u-bosni-i-hercegovini-i-regiji\/#breadcrumb"},"inLanguage":"en-GB","potentialAction":[{"@type":"ReadAction","target":["https:\/\/www.rebus.ba\/medunarodna-konferencija-za-investicije-i-ekonomski-razvoj-u-bosni-i-hercegovini-i-regiji\/"]}]},{"@type":"ImageObject","inLanguage":"en-GB","@id":"https:\/\/www.rebus.ba\/medunarodna-konferencija-za-investicije-i-ekonomski-razvoj-u-bosni-i-hercegovini-i-regiji\/#primaryimage","url":"https:\/\/www.rebus.ba\/wp-content\/uploads\/2015\/12\/Konferencija-2.jpg","contentUrl":"https:\/\/www.rebus.ba\/wp-content\/uploads\/2015\/12\/Konferencija-2.jpg","width":1152,"height":768},{"@type":"BreadcrumbList","@id":"https:\/\/www.rebus.ba\/medunarodna-konferencija-za-investicije-i-ekonomski-razvoj-u-bosni-i-hercegovini-i-regiji\/#breadcrumb","itemListElement":[{"@type":"ListItem","position":1,"name":"Home","item":"https:\/\/www.rebus.ba\/"},{"@type":"ListItem","position":2,"name":"Me\u0111unarodna konferencija za investicije i ekonomski razvoj u Bosni i Hercegovini i regiji"}]},{"@type":"WebSite","@id":"https:\/\/www.rebus.ba\/#website","url":"https:\/\/www.rebus.ba\/","name":"Rebus d.o.o.","description":"","potentialAction":[{"@type":"SearchAction","target":{"@type":"EntryPoint","urlTemplate":"https:\/\/www.rebus.ba\/?s={search_term_string}"},"query-input":{"@type":"PropertyValueSpecification","valueRequired":true,"valueName":"search_term_string"}}],"inLanguage":"en-GB"},{"@type":"Person","@id":"https:\/\/www.rebus.ba\/#\/schema\/person\/7804d343b9d38d4634c913526dee5cf0","name":"admin","image":{"@type":"ImageObject","inLanguage":"en-GB","@id":"https:\/\/www.rebus.ba\/#\/schema\/person\/image\/","url":"https:\/\/secure.gravatar.com\/avatar\/e42c641934fbb65c170e9580c479e24e7fc36a921a07b8129b9096b865d4064a?s=96&d=mm&r=g","contentUrl":"https:\/\/secure.gravatar.com\/avatar\/e42c641934fbb65c170e9580c479e24e7fc36a921a07b8129b9096b865d4064a?s=96&d=mm&r=g","caption":"admin"},"sameAs":["https:\/\/sejkan.com\/rebus"],"url":"https:\/\/www.rebus.ba\/en\/author\/info_9qd89dfv\/"}]}},"jetpack_featured_media_url":"https:\/\/www.rebus.ba\/wp-content\/uploads\/2015\/12\/Konferencija-2.jpg","jetpack_sharing_enabled":true,"_links":{"self":[{"href":"https:\/\/www.rebus.ba\/en\/wp-json\/wp\/v2\/posts\/67","targetHints":{"allow":["GET"]}}],"collection":[{"href":"https:\/\/www.rebus.ba\/en\/wp-json\/wp\/v2\/posts"}],"about":[{"href":"https:\/\/www.rebus.ba\/en\/wp-json\/wp\/v2\/types\/post"}],"author":[{"embeddable":true,"href":"https:\/\/www.rebus.ba\/en\/wp-json\/wp\/v2\/users\/1"}],"replies":[{"embeddable":true,"href":"https:\/\/www.rebus.ba\/en\/wp-json\/wp\/v2\/comments?post=67"}],"version-history":[{"count":0,"href":"https:\/\/www.rebus.ba\/en\/wp-json\/wp\/v2\/posts\/67\/revisions"}],"wp:featuredmedia":[{"embeddable":true,"href":"https:\/\/www.rebus.ba\/en\/wp-json\/wp\/v2\/media\/62"}],"wp:attachment":[{"href":"https:\/\/www.rebus.ba\/en\/wp-json\/wp\/v2\/media?parent=67"}],"wp:term":[{"taxonomy":"category","embeddable":true,"href":"https:\/\/www.rebus.ba\/en\/wp-json\/wp\/v2\/categories?post=67"},{"taxonomy":"post_tag","embeddable":true,"href":"https:\/\/www.rebus.ba\/en\/wp-json\/wp\/v2\/tags?post=67"}],"curies":[{"name":"wp","href":"https:\/\/api.w.org\/{rel}","templated":true}]}}